{"id":3384,"date":"2021-09-03T06:15:32","date_gmt":"2021-09-03T04:15:32","guid":{"rendered":"https:\/\/justice-initiative.eu\/mark-vincent-healy\/"},"modified":"2022-05-12T12:52:49","modified_gmt":"2022-05-12T10:52:49","slug":"mark-vincent-healy","status":"publish","type":"post","link":"https:\/\/justice-initiative.eu\/fr\/mark-vincent-healy\/","title":{"rendered":"Mark-Vincent Healy"},"content":{"rendered":"<div class=\"fusion-fullwidth fullwidth-box fusion-builder-row-1 fusion-flex-container nonhundred-percent-fullwidth non-hundred-percent-height-scrolling\" style=\"--awb-border-radius-top-left:0px;--awb-border-radius-top-right:0px;--awb-border-radius-bottom-right:0px;--awb-border-radius-bottom-left:0px;--awb-flex-wrap:wrap;\" ><div class=\"fusion-builder-row fusion-row fusion-flex-align-items-flex-start fusion-flex-content-wrap\" style=\"max-width:1289.6px;margin-left: calc(-4% \/ 2 );margin-right: calc(-4% \/ 2 );\"><div class=\"fusion-layout-column fusion_builder_column fusion-builder-column-0 fusion_builder_column_1_1 1_1 fusion-flex-column\" style=\"--awb-bg-size:cover;--awb-width-large:100%;--awb-margin-top-large:0px;--awb-spacing-right-large:1.92%;--awb-margin-bottom-large:20px;--awb-spacing-left-large:1.92%;--awb-width-medium:100%;--awb-order-medium:0;--awb-spacing-right-medium:1.92%;--awb-spacing-left-medium:1.92%;--awb-width-small:100%;--awb-order-small:0;--awb-spacing-right-small:1.92%;--awb-spacing-left-small:1.92%;\"><div class=\"fusion-column-wrapper fusion-column-has-shadow fusion-flex-justify-content-flex-start fusion-content-layout-column\"><div class=\"fusion-title title fusion-title-1 fusion-sep-none fusion-title-text fusion-title-size-two\" style=\"--awb-margin-top-small:0px;--awb-margin-right-small:0px;--awb-margin-bottom-small:20px;--awb-margin-left-small:0px;\"><h2 class=\"fusion-title-heading title-heading-left\" style=\"margin:0;\"><div>\n<p class=\"berschrift2\"><span lang=\"IT\">Mark-Vincent Healy, Irlande, 2018<\/span><\/p>\n<\/div><\/h2><\/div><div class=\"fusion-separator\" style=\"align-self: flex-start;margin-right:auto;margin-top:0px;margin-bottom:40px;width:100%;max-width:200px;\"><div class=\"fusion-separator-border sep-single sep-solid\" style=\"--awb-height:20px;--awb-amount:20px;--awb-sep-color:#fec96b;border-color:#fec96b;border-top-width:3px;\"><\/div><\/div><div class=\"fusion-text fusion-text-1\"><div>\n<p class=\"StandardWeb\"><span class=\"Absatz-Standardschriftart\"><span lang=\"FR\">Mark-Vincent Healy, est un survivant et un d\u00e9fenseur des victimes qui demande \u00e0 une \u00e9tude indispensable en Irlande et ailleurs. Il a \u00e9t\u00e9 abus\u00e9 par deux pr\u00eatres lors de son passage \u00e0 l&rsquo;\u00e9cole \u00e0 Dublin.<\/span><\/span><\/p>\n<\/div>\n<div>\n<p class=\"StandardWeb\"><span class=\"Absatz-Standardschriftart\"><span lang=\"FR\">Il a \u00e9t\u00e9 le premier survivant masculin d&rsquo;abus sexuels cl\u00e9ricaux irlandais \u00e0 rencontrer le pape Fran\u00e7ois en 2018 : Healy estime que le Vatican est sur une \u00ab\u00a0trajectoire in\u00e9luctable\u00a0\u00bb.<\/span><\/span><\/p>\n<\/div>\n<div>\n<p class=\"StandardWeb\"><span lang=\"FR\">Healy esp\u00e8re fournir autant d&rsquo;informations que possible sur le sujet tr\u00e8s complexe et d\u00e9chirant des abus sexuels sur les enfants dans l&rsquo;espoir d&rsquo;aider les autres survivants \u00e0 obtenir les services et les soutiens appropri\u00e9s qui devraient \u00eatre disponibles en tant que droit humain fondamental.<\/span><\/p>\n<\/div>\n<\/div><div class=\"fusion-text fusion-text-2\"><p>Copyright Simone Padovani<\/p>\n<\/div><\/div><\/div><\/div><\/div>\n","protected":false},"excerpt":{"rendered":"<p>Mark-Vincent Healy,\u00a0 is a survivor and victims&rsquo; advocate who is calling for a much needed study in Ireland and elsewhere. <\/p>\n","protected":false},"author":2,"featured_media":1671,"comment_status":"closed","ping_status":"closed","sticky":false,"template":"","format":"standard","meta":{"footnotes":""},"categories":[152],"tags":[],"class_list":["post-3384","post","type-post","status-publish","format-standard","has-post-thumbnail","hentry","category-testimonials-fr"],"yoast_head":"<!-- This site is optimized with the Yoast SEO plugin v28.3 - https:\/\/yoast.com\/product\/yoast-seo-wordpress\/ -->\n<title>Mark-Vincent Healy - Justice Initiative<\/title>\n<meta name=\"robots\" content=\"index, follow, max-snippet:-1, max-image-preview:large, max-video-preview:-1\" \/>\n<link rel=\"canonical\" href=\"https:\/\/justice-initiative.eu\/fr\/mark-vincent-healy\/\" \/>\n<meta property=\"og:locale\" content=\"fr_FR\" \/>\n<meta property=\"og:type\" content=\"article\" \/>\n<meta property=\"og:title\" content=\"Mark-Vincent Healy - Justice Initiative\" \/>\n<meta property=\"og:description\" content=\"Mark-Vincent Healy,\u00a0 is a survivor and victims&#039; advocate who is calling for a much needed study in Ireland and elsewhere.\" \/>\n<meta property=\"og:url\" content=\"https:\/\/justice-initiative.eu\/fr\/mark-vincent-healy\/\" \/>\n<meta property=\"og:site_name\" content=\"Justice Initiative\" \/>\n<meta property=\"article:published_time\" content=\"2021-09-03T04:15:32+00:00\" \/>\n<meta property=\"article:modified_time\" content=\"2022-05-12T10:52:49+00:00\" \/>\n<meta property=\"og:image\" content=\"https:\/\/justice-initiative.eu\/wp-content\/uploads\/2016\/08\/Ireland.jpg\" \/>\n\t<meta property=\"og:image:width\" content=\"1920\" \/>\n\t<meta property=\"og:image:height\" content=\"1280\" \/>\n\t<meta property=\"og:image:type\" content=\"image\/jpeg\" \/>\n<meta name=\"author\" content=\"justiceinitiative_admin\" \/>\n<meta name=\"twitter:card\" content=\"summary_large_image\" \/>\n<meta name=\"twitter:label1\" content=\"\u00c9crit par\" \/>\n\t<meta name=\"twitter:data1\" content=\"justiceinitiative_admin\" \/>\n\t<meta name=\"twitter:label2\" content=\"Dur\u00e9e de lecture estim\u00e9e\" \/>\n\t<meta name=\"twitter:data2\" content=\"6 minutes\" \/>\n<script type=\"application\/ld+json\" class=\"yoast-schema-graph\">{\"@context\":\"https:\\\/\\\/schema.org\",\"@graph\":[{\"@type\":\"Article\",\"@id\":\"https:\\\/\\\/justice-initiative.eu\\\/fr\\\/mark-vincent-healy\\\/#article\",\"isPartOf\":{\"@id\":\"https:\\\/\\\/justice-initiative.eu\\\/fr\\\/mark-vincent-healy\\\/\"},\"author\":{\"name\":\"justiceinitiative_admin\",\"@id\":\"https:\\\/\\\/justice-initiative.eu\\\/fr\\\/#\\\/schema\\\/person\\\/ef879d52907ee409a55529b159321173\"},\"headline\":\"Mark-Vincent Healy\",\"datePublished\":\"2021-09-03T04:15:32+00:00\",\"dateModified\":\"2022-05-12T10:52:49+00:00\",\"mainEntityOfPage\":{\"@id\":\"https:\\\/\\\/justice-initiative.eu\\\/fr\\\/mark-vincent-healy\\\/\"},\"wordCount\":1038,\"publisher\":{\"@id\":\"https:\\\/\\\/justice-initiative.eu\\\/fr\\\/#organization\"},\"image\":{\"@id\":\"https:\\\/\\\/justice-initiative.eu\\\/fr\\\/mark-vincent-healy\\\/#primaryimage\"},\"thumbnailUrl\":\"https:\\\/\\\/justice-initiative.eu\\\/wp-content\\\/uploads\\\/2016\\\/08\\\/Ireland.jpg\",\"articleSection\":[\"Testimonials\"],\"inLanguage\":\"fr-FR\"},{\"@type\":\"WebPage\",\"@id\":\"https:\\\/\\\/justice-initiative.eu\\\/fr\\\/mark-vincent-healy\\\/\",\"url\":\"https:\\\/\\\/justice-initiative.eu\\\/fr\\\/mark-vincent-healy\\\/\",\"name\":\"Mark-Vincent Healy - Justice Initiative\",\"isPartOf\":{\"@id\":\"https:\\\/\\\/justice-initiative.eu\\\/fr\\\/#website\"},\"primaryImageOfPage\":{\"@id\":\"https:\\\/\\\/justice-initiative.eu\\\/fr\\\/mark-vincent-healy\\\/#primaryimage\"},\"image\":{\"@id\":\"https:\\\/\\\/justice-initiative.eu\\\/fr\\\/mark-vincent-healy\\\/#primaryimage\"},\"thumbnailUrl\":\"https:\\\/\\\/justice-initiative.eu\\\/wp-content\\\/uploads\\\/2016\\\/08\\\/Ireland.jpg\",\"datePublished\":\"2021-09-03T04:15:32+00:00\",\"dateModified\":\"2022-05-12T10:52:49+00:00\",\"breadcrumb\":{\"@id\":\"https:\\\/\\\/justice-initiative.eu\\\/fr\\\/mark-vincent-healy\\\/#breadcrumb\"},\"inLanguage\":\"fr-FR\",\"potentialAction\":[{\"@type\":\"ReadAction\",\"target\":[\"https:\\\/\\\/justice-initiative.eu\\\/fr\\\/mark-vincent-healy\\\/\"]}]},{\"@type\":\"ImageObject\",\"inLanguage\":\"fr-FR\",\"@id\":\"https:\\\/\\\/justice-initiative.eu\\\/fr\\\/mark-vincent-healy\\\/#primaryimage\",\"url\":\"https:\\\/\\\/justice-initiative.eu\\\/wp-content\\\/uploads\\\/2016\\\/08\\\/Ireland.jpg\",\"contentUrl\":\"https:\\\/\\\/justice-initiative.eu\\\/wp-content\\\/uploads\\\/2016\\\/08\\\/Ireland.jpg\",\"width\":1920,\"height\":1280,\"caption\":\"initiator of justice initiative\"},{\"@type\":\"BreadcrumbList\",\"@id\":\"https:\\\/\\\/justice-initiative.eu\\\/fr\\\/mark-vincent-healy\\\/#breadcrumb\",\"itemListElement\":[{\"@type\":\"ListItem\",\"position\":1,\"name\":\"Home\",\"item\":\"https:\\\/\\\/justice-initiative.eu\\\/fr\\\/\"},{\"@type\":\"ListItem\",\"position\":2,\"name\":\"Mark-Vincent Healy\"}]},{\"@type\":\"WebSite\",\"@id\":\"https:\\\/\\\/justice-initiative.eu\\\/fr\\\/#website\",\"url\":\"https:\\\/\\\/justice-initiative.eu\\\/fr\\\/\",\"name\":\"Justice Initiative\",\"description\":\"\",\"publisher\":{\"@id\":\"https:\\\/\\\/justice-initiative.eu\\\/fr\\\/#organization\"},\"potentialAction\":[{\"@type\":\"SearchAction\",\"target\":{\"@type\":\"EntryPoint\",\"urlTemplate\":\"https:\\\/\\\/justice-initiative.eu\\\/fr\\\/?s={search_term_string}\"},\"query-input\":{\"@type\":\"PropertyValueSpecification\",\"valueRequired\":true,\"valueName\":\"search_term_string\"}}],\"inLanguage\":\"fr-FR\"},{\"@type\":\"Organization\",\"@id\":\"https:\\\/\\\/justice-initiative.eu\\\/fr\\\/#organization\",\"name\":\"Justice Initiative\",\"url\":\"https:\\\/\\\/justice-initiative.eu\\\/fr\\\/\",\"logo\":{\"@type\":\"ImageObject\",\"inLanguage\":\"fr-FR\",\"@id\":\"https:\\\/\\\/justice-initiative.eu\\\/fr\\\/#\\\/schema\\\/logo\\\/image\\\/\",\"url\":\"https:\\\/\\\/justice-initiative.eu\\\/wp-content\\\/uploads\\\/2021\\\/09\\\/favicon.png\",\"contentUrl\":\"https:\\\/\\\/justice-initiative.eu\\\/wp-content\\\/uploads\\\/2021\\\/09\\\/favicon.png\",\"width\":100,\"height\":103,\"caption\":\"Justice Initiative\"},\"image\":{\"@id\":\"https:\\\/\\\/justice-initiative.eu\\\/fr\\\/#\\\/schema\\\/logo\\\/image\\\/\"}},{\"@type\":\"Person\",\"@id\":\"https:\\\/\\\/justice-initiative.eu\\\/fr\\\/#\\\/schema\\\/person\\\/ef879d52907ee409a55529b159321173\",\"name\":\"justiceinitiative_admin\",\"image\":{\"@type\":\"ImageObject\",\"inLanguage\":\"fr-FR\",\"@id\":\"https:\\\/\\\/secure.gravatar.com\\\/avatar\\\/848ee726112f16b40121c6f0c8016f7e159cf1d04c6e27579db4579d8b140261?s=96&d=mm&r=g\",\"url\":\"https:\\\/\\\/secure.gravatar.com\\\/avatar\\\/848ee726112f16b40121c6f0c8016f7e159cf1d04c6e27579db4579d8b140261?s=96&d=mm&r=g\",\"contentUrl\":\"https:\\\/\\\/secure.gravatar.com\\\/avatar\\\/848ee726112f16b40121c6f0c8016f7e159cf1d04c6e27579db4579d8b140261?s=96&d=mm&r=g\",\"caption\":\"justiceinitiative_admin\"}}]}<\/script>\n<!-- \/ Yoast SEO plugin. -->","yoast_head_json":{"title":"Mark-Vincent Healy - Justice Initiative","robots":{"index":"index","follow":"follow","max-snippet":"max-snippet:-1","max-image-preview":"max-image-preview:large","max-video-preview":"max-video-preview:-1"},"canonical":"https:\/\/justice-initiative.eu\/fr\/mark-vincent-healy\/","og_locale":"fr_FR","og_type":"article","og_title":"Mark-Vincent Healy - Justice Initiative","og_description":"Mark-Vincent Healy,\u00a0 is a survivor and victims' advocate who is calling for a much needed study in Ireland and elsewhere.","og_url":"https:\/\/justice-initiative.eu\/fr\/mark-vincent-healy\/","og_site_name":"Justice Initiative","article_published_time":"2021-09-03T04:15:32+00:00","article_modified_time":"2022-05-12T10:52:49+00:00","og_image":[{"width":1920,"height":1280,"url":"https:\/\/justice-initiative.eu\/wp-content\/uploads\/2016\/08\/Ireland.jpg","type":"image\/jpeg"}],"author":"justiceinitiative_admin","twitter_card":"summary_large_image","twitter_misc":{"\u00c9crit par":"justiceinitiative_admin","Dur\u00e9e de lecture estim\u00e9e":"6 minutes"},"schema":{"@context":"https:\/\/schema.org","@graph":[{"@type":"Article","@id":"https:\/\/justice-initiative.eu\/fr\/mark-vincent-healy\/#article","isPartOf":{"@id":"https:\/\/justice-initiative.eu\/fr\/mark-vincent-healy\/"},"author":{"name":"justiceinitiative_admin","@id":"https:\/\/justice-initiative.eu\/fr\/#\/schema\/person\/ef879d52907ee409a55529b159321173"},"headline":"Mark-Vincent Healy","datePublished":"2021-09-03T04:15:32+00:00","dateModified":"2022-05-12T10:52:49+00:00","mainEntityOfPage":{"@id":"https:\/\/justice-initiative.eu\/fr\/mark-vincent-healy\/"},"wordCount":1038,"publisher":{"@id":"https:\/\/justice-initiative.eu\/fr\/#organization"},"image":{"@id":"https:\/\/justice-initiative.eu\/fr\/mark-vincent-healy\/#primaryimage"},"thumbnailUrl":"https:\/\/justice-initiative.eu\/wp-content\/uploads\/2016\/08\/Ireland.jpg","articleSection":["Testimonials"],"inLanguage":"fr-FR"},{"@type":"WebPage","@id":"https:\/\/justice-initiative.eu\/fr\/mark-vincent-healy\/","url":"https:\/\/justice-initiative.eu\/fr\/mark-vincent-healy\/","name":"Mark-Vincent Healy - Justice Initiative","isPartOf":{"@id":"https:\/\/justice-initiative.eu\/fr\/#website"},"primaryImageOfPage":{"@id":"https:\/\/justice-initiative.eu\/fr\/mark-vincent-healy\/#primaryimage"},"image":{"@id":"https:\/\/justice-initiative.eu\/fr\/mark-vincent-healy\/#primaryimage"},"thumbnailUrl":"https:\/\/justice-initiative.eu\/wp-content\/uploads\/2016\/08\/Ireland.jpg","datePublished":"2021-09-03T04:15:32+00:00","dateModified":"2022-05-12T10:52:49+00:00","breadcrumb":{"@id":"https:\/\/justice-initiative.eu\/fr\/mark-vincent-healy\/#breadcrumb"},"inLanguage":"fr-FR","potentialAction":[{"@type":"ReadAction","target":["https:\/\/justice-initiative.eu\/fr\/mark-vincent-healy\/"]}]},{"@type":"ImageObject","inLanguage":"fr-FR","@id":"https:\/\/justice-initiative.eu\/fr\/mark-vincent-healy\/#primaryimage","url":"https:\/\/justice-initiative.eu\/wp-content\/uploads\/2016\/08\/Ireland.jpg","contentUrl":"https:\/\/justice-initiative.eu\/wp-content\/uploads\/2016\/08\/Ireland.jpg","width":1920,"height":1280,"caption":"initiator of justice initiative"},{"@type":"BreadcrumbList","@id":"https:\/\/justice-initiative.eu\/fr\/mark-vincent-healy\/#breadcrumb","itemListElement":[{"@type":"ListItem","position":1,"name":"Home","item":"https:\/\/justice-initiative.eu\/fr\/"},{"@type":"ListItem","position":2,"name":"Mark-Vincent Healy"}]},{"@type":"WebSite","@id":"https:\/\/justice-initiative.eu\/fr\/#website","url":"https:\/\/justice-initiative.eu\/fr\/","name":"Justice Initiative","description":"","publisher":{"@id":"https:\/\/justice-initiative.eu\/fr\/#organization"},"potentialAction":[{"@type":"SearchAction","target":{"@type":"EntryPoint","urlTemplate":"https:\/\/justice-initiative.eu\/fr\/?s={search_term_string}"},"query-input":{"@type":"PropertyValueSpecification","valueRequired":true,"valueName":"search_term_string"}}],"inLanguage":"fr-FR"},{"@type":"Organization","@id":"https:\/\/justice-initiative.eu\/fr\/#organization","name":"Justice Initiative","url":"https:\/\/justice-initiative.eu\/fr\/","logo":{"@type":"ImageObject","inLanguage":"fr-FR","@id":"https:\/\/justice-initiative.eu\/fr\/#\/schema\/logo\/image\/","url":"https:\/\/justice-initiative.eu\/wp-content\/uploads\/2021\/09\/favicon.png","contentUrl":"https:\/\/justice-initiative.eu\/wp-content\/uploads\/2021\/09\/favicon.png","width":100,"height":103,"caption":"Justice Initiative"},"image":{"@id":"https:\/\/justice-initiative.eu\/fr\/#\/schema\/logo\/image\/"}},{"@type":"Person","@id":"https:\/\/justice-initiative.eu\/fr\/#\/schema\/person\/ef879d52907ee409a55529b159321173","name":"justiceinitiative_admin","image":{"@type":"ImageObject","inLanguage":"fr-FR","@id":"https:\/\/secure.gravatar.com\/avatar\/848ee726112f16b40121c6f0c8016f7e159cf1d04c6e27579db4579d8b140261?s=96&d=mm&r=g","url":"https:\/\/secure.gravatar.com\/avatar\/848ee726112f16b40121c6f0c8016f7e159cf1d04c6e27579db4579d8b140261?s=96&d=mm&r=g","contentUrl":"https:\/\/secure.gravatar.com\/avatar\/848ee726112f16b40121c6f0c8016f7e159cf1d04c6e27579db4579d8b140261?s=96&d=mm&r=g","caption":"justiceinitiative_admin"}}]}},"_links":{"self":[{"href":"https:\/\/justice-initiative.eu\/fr\/wp-json\/wp\/v2\/posts\/3384","targetHints":{"allow":["GET"]}}],"collection":[{"href":"https:\/\/justice-initiative.eu\/fr\/wp-json\/wp\/v2\/posts"}],"about":[{"href":"https:\/\/justice-initiative.eu\/fr\/wp-json\/wp\/v2\/types\/post"}],"author":[{"embeddable":true,"href":"https:\/\/justice-initiative.eu\/fr\/wp-json\/wp\/v2\/users\/2"}],"replies":[{"embeddable":true,"href":"https:\/\/justice-initiative.eu\/fr\/wp-json\/wp\/v2\/comments?post=3384"}],"version-history":[{"count":3,"href":"https:\/\/justice-initiative.eu\/fr\/wp-json\/wp\/v2\/posts\/3384\/revisions"}],"predecessor-version":[{"id":5120,"href":"https:\/\/justice-initiative.eu\/fr\/wp-json\/wp\/v2\/posts\/3384\/revisions\/5120"}],"wp:featuredmedia":[{"embeddable":true,"href":"https:\/\/justice-initiative.eu\/fr\/wp-json\/wp\/v2\/media\/1671"}],"wp:attachment":[{"href":"https:\/\/justice-initiative.eu\/fr\/wp-json\/wp\/v2\/media?parent=3384"}],"wp:term":[{"taxonomy":"category","embeddable":true,"href":"https:\/\/justice-initiative.eu\/fr\/wp-json\/wp\/v2\/categories?post=3384"},{"taxonomy":"post_tag","embeddable":true,"href":"https:\/\/justice-initiative.eu\/fr\/wp-json\/wp\/v2\/tags?post=3384"}],"curies":[{"name":"wp","href":"https:\/\/api.w.org\/{rel}","templated":true}]}}