{"id":3423,"date":"2021-09-03T05:57:57","date_gmt":"2021-09-03T03:57:57","guid":{"rendered":"https:\/\/justice-initiative.eu\/francois-devaux\/"},"modified":"2022-01-26T11:37:45","modified_gmt":"2022-01-26T10:37:45","slug":"francois-devaux","status":"publish","type":"post","link":"https:\/\/justice-initiative.eu\/es\/francois-devaux\/","title":{"rendered":"Fran\u00e7ois Devaux"},"content":{"rendered":"<div class=\"fusion-fullwidth fullwidth-box fusion-builder-row-1 fusion-flex-container nonhundred-percent-fullwidth non-hundred-percent-height-scrolling\" style=\"--awb-border-radius-top-left:0px;--awb-border-radius-top-right:0px;--awb-border-radius-bottom-right:0px;--awb-border-radius-bottom-left:0px;--awb-flex-wrap:wrap;\" ><div class=\"fusion-builder-row fusion-row fusion-flex-align-items-flex-start fusion-flex-content-wrap\" style=\"max-width:1289.6px;margin-left: calc(-4% \/ 2 );margin-right: calc(-4% \/ 2 );\"><div class=\"fusion-layout-column fusion_builder_column fusion-builder-column-0 fusion_builder_column_1_1 1_1 fusion-flex-column\" style=\"--awb-bg-size:cover;--awb-width-large:100%;--awb-margin-top-large:0px;--awb-spacing-right-large:1.92%;--awb-margin-bottom-large:20px;--awb-spacing-left-large:1.92%;--awb-width-medium:100%;--awb-order-medium:0;--awb-spacing-right-medium:1.92%;--awb-spacing-left-medium:1.92%;--awb-width-small:100%;--awb-order-small:0;--awb-spacing-right-small:1.92%;--awb-spacing-left-small:1.92%;\"><div class=\"fusion-column-wrapper fusion-column-has-shadow fusion-flex-justify-content-flex-start fusion-content-layout-column\"><div class=\"fusion-title title fusion-title-1 fusion-sep-none fusion-title-text fusion-title-size-two\" style=\"--awb-margin-top-small:0px;--awb-margin-right-small:0px;--awb-margin-bottom-small:20px;--awb-margin-left-small:0px;\"><h2 class=\"fusion-title-heading title-heading-left\" style=\"margin:0;\">Fran\u00e7ois Devaux, v\u00edctima y activista, Francia, 2018<\/h2><\/div><div class=\"fusion-separator\" style=\"align-self: flex-start;margin-right:auto;margin-top:0px;margin-bottom:40px;width:100%;max-width:200px;\"><div class=\"fusion-separator-border sep-single sep-solid\" style=\"--awb-height:20px;--awb-amount:20px;--awb-sep-color:#fec96b;border-color:#fec96b;border-top-width:3px;\"><\/div><\/div><div class=\"fusion-text fusion-text-1\"><p>Fran\u00e7ois Devaux es v\u00edctima de abusos sexuales por parte de un sacerdote, es el cofundador de la Asociaci\u00f3n La Parole Lib\u00e9r\u00e9e.<br \/>\nDescribe as\u00ed su abuso: \u00abEse d\u00eda ten\u00eda 10 a\u00f1os. Llevaba ya dos a\u00f1os en los Scouts St Luc y me encantaba este grupo, su efervescencia. \u00c9ramos una tribu. Es cierto que el padre Bernard era un \u00abgrito\u00bb, a veces ten\u00eda ese toque conmovedor, pero era un sacerdote. En esencia, no pod\u00eda ser malicioso. Aquella tarde, est\u00e1bamos en una habitaci\u00f3n al fondo de la gran sala de reuniones. Nos pasaron una de estas insignias, que llevamos con orgullo a nuestras admiradas madres para que las cosieran en nuestros jerseys. Al final de esta reuni\u00f3n, cuando el padre Bernard nos solt\u00f3, me pidi\u00f3 que me quedara un poco sonriendo. Recuerdo a mis amigos que salieron de la sala&#8230; Algunos ten\u00edan una sonrisa de satisfacci\u00f3n al saber lo que me esperaba, otros se miraban los zapatos con incomodidad y otros parec\u00edan celosos de la atenci\u00f3n especial del padre hacia m\u00ed. Yo era rubio, alto y delgado &#8230; El perfil perfecto. Una vez que todos salieron, cerr\u00f3 la puerta y dijo suavemente \u00abac\u00e9rcate\u00bb. Su amabilidad era total. Luego me apret\u00f3 contra \u00e9l. Un fuerte abrazo como sol\u00eda hacer en este tipo de momentos \u00edntimos. \u00abDebe estar nuestro padre Bernard solo para necesitar tanto estos momentos\u00bb, dije en mi mente inocente. Entonces me quit\u00f3 las gafas, me quit\u00f3 la boina y se las puso, hizo lo mismo con las suyas para volver a abrazarme mejor. Recuerdo sus suspiros, casi traqueteos. Incluso el color de su camisa gris. Luego, encorv\u00e1ndose ligeramente, tom\u00f3 mi pierna derecha con su mano izquierda y la levant\u00f3 para apoyarla en su cadera. Su mano apoy\u00f3 mi muslo en esta posici\u00f3n. \u00abHey &#8230; Incre\u00edble, por lo general no hace eso &#8230;\u00bb Entonces desliz\u00f3 su mano, tirando suavemente hacia arriba de mi muslo. Subi\u00f3 muy alto bajo mis cortos pantalones. Debi\u00f3 sentir mi incomodidad porque finalmente dej\u00f3 que apoyara el pie en el suelo. Luego tom\u00f3 mi cabeza entre sus manos y me bes\u00f3 en la mejilla. Y pasando de una mejilla a otra, me quem\u00f3 la boca\u2026<\/p>\n<\/div><div class=\"fusion-text fusion-text-2\"><p>Copyright Simone Padovani<\/p>\n<\/div><\/div><\/div><\/div><\/div>\n","protected":false},"excerpt":{"rendered":"<p>Fran\u00e7ois Devaux es v\u00edctima de abusos sexuales por parte de un sacerdote, es el cofundador de la Asociaci\u00f3n La Parole Lib\u00e9r\u00e9e.<\/p>\n","protected":false},"author":2,"featured_media":1670,"comment_status":"closed","ping_status":"closed","sticky":false,"template":"","format":"standard","meta":{"footnotes":""},"categories":[159],"tags":[],"class_list":["post-3423","post","type-post","status-publish","format-standard","has-post-thumbnail","hentry","category-testimonials-fr-es"],"yoast_head":"<!-- This site is optimized with the Yoast SEO plugin v28.3 - https:\/\/yoast.com\/product\/yoast-seo-wordpress\/ -->\n<title>Fran\u00e7ois Devaux - Justice Initiative<\/title>\n<meta name=\"robots\" content=\"index, follow, max-snippet:-1, max-image-preview:large, max-video-preview:-1\" \/>\n<link rel=\"canonical\" href=\"https:\/\/justice-initiative.eu\/es\/francois-devaux\/\" \/>\n<meta property=\"og:locale\" content=\"es_ES\" \/>\n<meta property=\"og:type\" content=\"article\" \/>\n<meta property=\"og:title\" content=\"Fran\u00e7ois Devaux - Justice Initiative\" \/>\n<meta property=\"og:description\" content=\"Fran\u00e7ois Devaux es v\u00edctima de abusos sexuales por parte de un sacerdote, es el cofundador de la Asociaci\u00f3n La Parole Lib\u00e9r\u00e9e.\" \/>\n<meta property=\"og:url\" content=\"https:\/\/justice-initiative.eu\/es\/francois-devaux\/\" \/>\n<meta property=\"og:site_name\" content=\"Justice Initiative\" \/>\n<meta property=\"article:published_time\" content=\"2021-09-03T03:57:57+00:00\" \/>\n<meta property=\"article:modified_time\" content=\"2022-01-26T10:37:45+00:00\" \/>\n<meta property=\"og:image\" content=\"https:\/\/justice-initiative.eu\/wp-content\/uploads\/2016\/08\/Franc\u0327ois-Devaux-victim-and-activist-France-2018-.jpg\" \/>\n\t<meta property=\"og:image:width\" content=\"1620\" \/>\n\t<meta property=\"og:image:height\" content=\"1080\" \/>\n\t<meta property=\"og:image:type\" content=\"image\/jpeg\" \/>\n<meta name=\"author\" content=\"justiceinitiative_admin\" \/>\n<meta name=\"twitter:card\" content=\"summary_large_image\" \/>\n<meta name=\"twitter:label1\" content=\"Escrito por\" \/>\n\t<meta name=\"twitter:data1\" content=\"justiceinitiative_admin\" \/>\n\t<meta name=\"twitter:label2\" content=\"Tiempo de lectura\" \/>\n\t<meta name=\"twitter:data2\" content=\"4 minutos\" \/>\n<script type=\"application\/ld+json\" class=\"yoast-schema-graph\">{\"@context\":\"https:\\\/\\\/schema.org\",\"@graph\":[{\"@type\":\"Article\",\"@id\":\"https:\\\/\\\/justice-initiative.eu\\\/es\\\/francois-devaux\\\/#article\",\"isPartOf\":{\"@id\":\"https:\\\/\\\/justice-initiative.eu\\\/es\\\/francois-devaux\\\/\"},\"author\":{\"name\":\"justiceinitiative_admin\",\"@id\":\"https:\\\/\\\/justice-initiative.eu\\\/es\\\/#\\\/schema\\\/person\\\/ef879d52907ee409a55529b159321173\"},\"headline\":\"Fran\u00e7ois Devaux\",\"datePublished\":\"2021-09-03T03:57:57+00:00\",\"dateModified\":\"2022-01-26T10:37:45+00:00\",\"mainEntityOfPage\":{\"@id\":\"https:\\\/\\\/justice-initiative.eu\\\/es\\\/francois-devaux\\\/\"},\"wordCount\":1304,\"publisher\":{\"@id\":\"https:\\\/\\\/justice-initiative.eu\\\/es\\\/#organization\"},\"image\":{\"@id\":\"https:\\\/\\\/justice-initiative.eu\\\/es\\\/francois-devaux\\\/#primaryimage\"},\"thumbnailUrl\":\"https:\\\/\\\/justice-initiative.eu\\\/wp-content\\\/uploads\\\/2016\\\/08\\\/Franc\u0327ois-Devaux-victim-and-activist-France-2018-.jpg\",\"articleSection\":[\"Testimonials\"],\"inLanguage\":\"es\"},{\"@type\":\"WebPage\",\"@id\":\"https:\\\/\\\/justice-initiative.eu\\\/es\\\/francois-devaux\\\/\",\"url\":\"https:\\\/\\\/justice-initiative.eu\\\/es\\\/francois-devaux\\\/\",\"name\":\"Fran\u00e7ois Devaux - Justice Initiative\",\"isPartOf\":{\"@id\":\"https:\\\/\\\/justice-initiative.eu\\\/es\\\/#website\"},\"primaryImageOfPage\":{\"@id\":\"https:\\\/\\\/justice-initiative.eu\\\/es\\\/francois-devaux\\\/#primaryimage\"},\"image\":{\"@id\":\"https:\\\/\\\/justice-initiative.eu\\\/es\\\/francois-devaux\\\/#primaryimage\"},\"thumbnailUrl\":\"https:\\\/\\\/justice-initiative.eu\\\/wp-content\\\/uploads\\\/2016\\\/08\\\/Franc\u0327ois-Devaux-victim-and-activist-France-2018-.jpg\",\"datePublished\":\"2021-09-03T03:57:57+00:00\",\"dateModified\":\"2022-01-26T10:37:45+00:00\",\"breadcrumb\":{\"@id\":\"https:\\\/\\\/justice-initiative.eu\\\/es\\\/francois-devaux\\\/#breadcrumb\"},\"inLanguage\":\"es\",\"potentialAction\":[{\"@type\":\"ReadAction\",\"target\":[\"https:\\\/\\\/justice-initiative.eu\\\/es\\\/francois-devaux\\\/\"]}]},{\"@type\":\"ImageObject\",\"inLanguage\":\"es\",\"@id\":\"https:\\\/\\\/justice-initiative.eu\\\/es\\\/francois-devaux\\\/#primaryimage\",\"url\":\"https:\\\/\\\/justice-initiative.eu\\\/wp-content\\\/uploads\\\/2016\\\/08\\\/Franc\u0327ois-Devaux-victim-and-activist-France-2018-.jpg\",\"contentUrl\":\"https:\\\/\\\/justice-initiative.eu\\\/wp-content\\\/uploads\\\/2016\\\/08\\\/Franc\u0327ois-Devaux-victim-and-activist-France-2018-.jpg\",\"width\":1620,\"height\":1080,\"caption\":\"Fran\u00e7ois Devaux, victim and activist, France, 2018Fran\u00e7ois Devaux is a victim of sexual abuse by a priest, is the Co-Founder of the Association La Parole Lib\u00e9r\u00e9e. He describes his abuse in this way:\\\"I was 10 years old that day. I was at Scouts St Luc for 2 years already and I loved this group, its effervescence. We were a tribe. Admittedly, Father Bernard was a \\\"shout\\\", sometimes had this touching touch, but he was a priest. In essence, he could not be malicious. That afternoon, we were in a room at the back of the big meeting room. We passed one of these badges, which we proudly brought to our admiring moms to sew on our pullovers. At the end of this meeting, when Father Bernard released us, he asked me to stay a little smirking. I remember my friends who came out of the room ... Some had a smirk knowing what was waiting for me, others looked at their shoes in discomfort and others seemed jealous of the special attention of the father to me. I was blond, tall and thin ... The perfect profile. Once everyone came out, he closed the door and gently said \\\"approach\\\". His kindness was total. He then pressed me against him. A strong hug as he used to do in this kind of intimate moment. \\\"It must be our father Bernard alone to need these moments as much,\\\" I said in my innocent mind. Then he took off my glasses, he took off my beret and put them on, did the same with his to better re-embrace me. I remember his sighs, almost rattles. Even the color of his gray shirt. Then, stooping slightly, he took his right leg from his left hand and lifted it to lean against his hip. His hand supported my thigh in this position. \\\"Hey ... Amazing, he usually does not do that ...\\\" Then he slid his hand, gently pulling up my thigh. She climbed very high under my short shorts. He must have felt my discomfort because he finally let me rest his foot on the ground. Then he took my head in his hands and kissed me on the cheek. And going from one cheek to another, it burned on my mouth. There,\"},{\"@type\":\"BreadcrumbList\",\"@id\":\"https:\\\/\\\/justice-initiative.eu\\\/es\\\/francois-devaux\\\/#breadcrumb\",\"itemListElement\":[{\"@type\":\"ListItem\",\"position\":1,\"name\":\"Home\",\"item\":\"https:\\\/\\\/justice-initiative.eu\\\/es\\\/\"},{\"@type\":\"ListItem\",\"position\":2,\"name\":\"Fran\u00e7ois Devaux\"}]},{\"@type\":\"WebSite\",\"@id\":\"https:\\\/\\\/justice-initiative.eu\\\/es\\\/#website\",\"url\":\"https:\\\/\\\/justice-initiative.eu\\\/es\\\/\",\"name\":\"Justice Initiative\",\"description\":\"\",\"publisher\":{\"@id\":\"https:\\\/\\\/justice-initiative.eu\\\/es\\\/#organization\"},\"potentialAction\":[{\"@type\":\"SearchAction\",\"target\":{\"@type\":\"EntryPoint\",\"urlTemplate\":\"https:\\\/\\\/justice-initiative.eu\\\/es\\\/?s={search_term_string}\"},\"query-input\":{\"@type\":\"PropertyValueSpecification\",\"valueRequired\":true,\"valueName\":\"search_term_string\"}}],\"inLanguage\":\"es\"},{\"@type\":\"Organization\",\"@id\":\"https:\\\/\\\/justice-initiative.eu\\\/es\\\/#organization\",\"name\":\"Justice Initiative\",\"url\":\"https:\\\/\\\/justice-initiative.eu\\\/es\\\/\",\"logo\":{\"@type\":\"ImageObject\",\"inLanguage\":\"es\",\"@id\":\"https:\\\/\\\/justice-initiative.eu\\\/es\\\/#\\\/schema\\\/logo\\\/image\\\/\",\"url\":\"https:\\\/\\\/justice-initiative.eu\\\/wp-content\\\/uploads\\\/2021\\\/09\\\/favicon.png\",\"contentUrl\":\"https:\\\/\\\/justice-initiative.eu\\\/wp-content\\\/uploads\\\/2021\\\/09\\\/favicon.png\",\"width\":100,\"height\":103,\"caption\":\"Justice Initiative\"},\"image\":{\"@id\":\"https:\\\/\\\/justice-initiative.eu\\\/es\\\/#\\\/schema\\\/logo\\\/image\\\/\"}},{\"@type\":\"Person\",\"@id\":\"https:\\\/\\\/justice-initiative.eu\\\/es\\\/#\\\/schema\\\/person\\\/ef879d52907ee409a55529b159321173\",\"name\":\"justiceinitiative_admin\",\"image\":{\"@type\":\"ImageObject\",\"inLanguage\":\"es\",\"@id\":\"https:\\\/\\\/secure.gravatar.com\\\/avatar\\\/848ee726112f16b40121c6f0c8016f7e159cf1d04c6e27579db4579d8b140261?s=96&d=mm&r=g\",\"url\":\"https:\\\/\\\/secure.gravatar.com\\\/avatar\\\/848ee726112f16b40121c6f0c8016f7e159cf1d04c6e27579db4579d8b140261?s=96&d=mm&r=g\",\"contentUrl\":\"https:\\\/\\\/secure.gravatar.com\\\/avatar\\\/848ee726112f16b40121c6f0c8016f7e159cf1d04c6e27579db4579d8b140261?s=96&d=mm&r=g\",\"caption\":\"justiceinitiative_admin\"}}]}<\/script>\n<!-- \/ Yoast SEO plugin. -->","yoast_head_json":{"title":"Fran\u00e7ois Devaux - Justice Initiative","robots":{"index":"index","follow":"follow","max-snippet":"max-snippet:-1","max-image-preview":"max-image-preview:large","max-video-preview":"max-video-preview:-1"},"canonical":"https:\/\/justice-initiative.eu\/es\/francois-devaux\/","og_locale":"es_ES","og_type":"article","og_title":"Fran\u00e7ois Devaux - Justice Initiative","og_description":"Fran\u00e7ois Devaux es v\u00edctima de abusos sexuales por parte de un sacerdote, es el cofundador de la Asociaci\u00f3n La Parole Lib\u00e9r\u00e9e.","og_url":"https:\/\/justice-initiative.eu\/es\/francois-devaux\/","og_site_name":"Justice Initiative","article_published_time":"2021-09-03T03:57:57+00:00","article_modified_time":"2022-01-26T10:37:45+00:00","og_image":[{"width":1620,"height":1080,"url":"https:\/\/justice-initiative.eu\/wp-content\/uploads\/2016\/08\/Franc\u0327ois-Devaux-victim-and-activist-France-2018-.jpg","type":"image\/jpeg"}],"author":"justiceinitiative_admin","twitter_card":"summary_large_image","twitter_misc":{"Escrito por":"justiceinitiative_admin","Tiempo de lectura":"4 minutos"},"schema":{"@context":"https:\/\/schema.org","@graph":[{"@type":"Article","@id":"https:\/\/justice-initiative.eu\/es\/francois-devaux\/#article","isPartOf":{"@id":"https:\/\/justice-initiative.eu\/es\/francois-devaux\/"},"author":{"name":"justiceinitiative_admin","@id":"https:\/\/justice-initiative.eu\/es\/#\/schema\/person\/ef879d52907ee409a55529b159321173"},"headline":"Fran\u00e7ois Devaux","datePublished":"2021-09-03T03:57:57+00:00","dateModified":"2022-01-26T10:37:45+00:00","mainEntityOfPage":{"@id":"https:\/\/justice-initiative.eu\/es\/francois-devaux\/"},"wordCount":1304,"publisher":{"@id":"https:\/\/justice-initiative.eu\/es\/#organization"},"image":{"@id":"https:\/\/justice-initiative.eu\/es\/francois-devaux\/#primaryimage"},"thumbnailUrl":"https:\/\/justice-initiative.eu\/wp-content\/uploads\/2016\/08\/Franc\u0327ois-Devaux-victim-and-activist-France-2018-.jpg","articleSection":["Testimonials"],"inLanguage":"es"},{"@type":"WebPage","@id":"https:\/\/justice-initiative.eu\/es\/francois-devaux\/","url":"https:\/\/justice-initiative.eu\/es\/francois-devaux\/","name":"Fran\u00e7ois Devaux - Justice Initiative","isPartOf":{"@id":"https:\/\/justice-initiative.eu\/es\/#website"},"primaryImageOfPage":{"@id":"https:\/\/justice-initiative.eu\/es\/francois-devaux\/#primaryimage"},"image":{"@id":"https:\/\/justice-initiative.eu\/es\/francois-devaux\/#primaryimage"},"thumbnailUrl":"https:\/\/justice-initiative.eu\/wp-content\/uploads\/2016\/08\/Franc\u0327ois-Devaux-victim-and-activist-France-2018-.jpg","datePublished":"2021-09-03T03:57:57+00:00","dateModified":"2022-01-26T10:37:45+00:00","breadcrumb":{"@id":"https:\/\/justice-initiative.eu\/es\/francois-devaux\/#breadcrumb"},"inLanguage":"es","potentialAction":[{"@type":"ReadAction","target":["https:\/\/justice-initiative.eu\/es\/francois-devaux\/"]}]},{"@type":"ImageObject","inLanguage":"es","@id":"https:\/\/justice-initiative.eu\/es\/francois-devaux\/#primaryimage","url":"https:\/\/justice-initiative.eu\/wp-content\/uploads\/2016\/08\/Franc\u0327ois-Devaux-victim-and-activist-France-2018-.jpg","contentUrl":"https:\/\/justice-initiative.eu\/wp-content\/uploads\/2016\/08\/Franc\u0327ois-Devaux-victim-and-activist-France-2018-.jpg","width":1620,"height":1080,"caption":"Fran\u00e7ois Devaux, victim and activist, France, 2018Fran\u00e7ois Devaux is a victim of sexual abuse by a priest, is the Co-Founder of the Association La Parole Lib\u00e9r\u00e9e. He describes his abuse in this way:\"I was 10 years old that day. I was at Scouts St Luc for 2 years already and I loved this group, its effervescence. We were a tribe. Admittedly, Father Bernard was a \"shout\", sometimes had this touching touch, but he was a priest. In essence, he could not be malicious. That afternoon, we were in a room at the back of the big meeting room. We passed one of these badges, which we proudly brought to our admiring moms to sew on our pullovers. At the end of this meeting, when Father Bernard released us, he asked me to stay a little smirking. I remember my friends who came out of the room ... Some had a smirk knowing what was waiting for me, others looked at their shoes in discomfort and others seemed jealous of the special attention of the father to me. I was blond, tall and thin ... The perfect profile. Once everyone came out, he closed the door and gently said \"approach\". His kindness was total. He then pressed me against him. A strong hug as he used to do in this kind of intimate moment. \"It must be our father Bernard alone to need these moments as much,\" I said in my innocent mind. Then he took off my glasses, he took off my beret and put them on, did the same with his to better re-embrace me. I remember his sighs, almost rattles. Even the color of his gray shirt. Then, stooping slightly, he took his right leg from his left hand and lifted it to lean against his hip. His hand supported my thigh in this position. \"Hey ... Amazing, he usually does not do that ...\" Then he slid his hand, gently pulling up my thigh. She climbed very high under my short shorts. He must have felt my discomfort because he finally let me rest his foot on the ground. Then he took my head in his hands and kissed me on the cheek. And going from one cheek to another, it burned on my mouth. There,"},{"@type":"BreadcrumbList","@id":"https:\/\/justice-initiative.eu\/es\/francois-devaux\/#breadcrumb","itemListElement":[{"@type":"ListItem","position":1,"name":"Home","item":"https:\/\/justice-initiative.eu\/es\/"},{"@type":"ListItem","position":2,"name":"Fran\u00e7ois Devaux"}]},{"@type":"WebSite","@id":"https:\/\/justice-initiative.eu\/es\/#website","url":"https:\/\/justice-initiative.eu\/es\/","name":"Justice Initiative","description":"","publisher":{"@id":"https:\/\/justice-initiative.eu\/es\/#organization"},"potentialAction":[{"@type":"SearchAction","target":{"@type":"EntryPoint","urlTemplate":"https:\/\/justice-initiative.eu\/es\/?s={search_term_string}"},"query-input":{"@type":"PropertyValueSpecification","valueRequired":true,"valueName":"search_term_string"}}],"inLanguage":"es"},{"@type":"Organization","@id":"https:\/\/justice-initiative.eu\/es\/#organization","name":"Justice Initiative","url":"https:\/\/justice-initiative.eu\/es\/","logo":{"@type":"ImageObject","inLanguage":"es","@id":"https:\/\/justice-initiative.eu\/es\/#\/schema\/logo\/image\/","url":"https:\/\/justice-initiative.eu\/wp-content\/uploads\/2021\/09\/favicon.png","contentUrl":"https:\/\/justice-initiative.eu\/wp-content\/uploads\/2021\/09\/favicon.png","width":100,"height":103,"caption":"Justice Initiative"},"image":{"@id":"https:\/\/justice-initiative.eu\/es\/#\/schema\/logo\/image\/"}},{"@type":"Person","@id":"https:\/\/justice-initiative.eu\/es\/#\/schema\/person\/ef879d52907ee409a55529b159321173","name":"justiceinitiative_admin","image":{"@type":"ImageObject","inLanguage":"es","@id":"https:\/\/secure.gravatar.com\/avatar\/848ee726112f16b40121c6f0c8016f7e159cf1d04c6e27579db4579d8b140261?s=96&d=mm&r=g","url":"https:\/\/secure.gravatar.com\/avatar\/848ee726112f16b40121c6f0c8016f7e159cf1d04c6e27579db4579d8b140261?s=96&d=mm&r=g","contentUrl":"https:\/\/secure.gravatar.com\/avatar\/848ee726112f16b40121c6f0c8016f7e159cf1d04c6e27579db4579d8b140261?s=96&d=mm&r=g","caption":"justiceinitiative_admin"}}]}},"_links":{"self":[{"href":"https:\/\/justice-initiative.eu\/es\/wp-json\/wp\/v2\/posts\/3423","targetHints":{"allow":["GET"]}}],"collection":[{"href":"https:\/\/justice-initiative.eu\/es\/wp-json\/wp\/v2\/posts"}],"about":[{"href":"https:\/\/justice-initiative.eu\/es\/wp-json\/wp\/v2\/types\/post"}],"author":[{"embeddable":true,"href":"https:\/\/justice-initiative.eu\/es\/wp-json\/wp\/v2\/users\/2"}],"replies":[{"embeddable":true,"href":"https:\/\/justice-initiative.eu\/es\/wp-json\/wp\/v2\/comments?post=3423"}],"version-history":[{"count":4,"href":"https:\/\/justice-initiative.eu\/es\/wp-json\/wp\/v2\/posts\/3423\/revisions"}],"predecessor-version":[{"id":3795,"href":"https:\/\/justice-initiative.eu\/es\/wp-json\/wp\/v2\/posts\/3423\/revisions\/3795"}],"wp:featuredmedia":[{"embeddable":true,"href":"https:\/\/justice-initiative.eu\/es\/wp-json\/wp\/v2\/media\/1670"}],"wp:attachment":[{"href":"https:\/\/justice-initiative.eu\/es\/wp-json\/wp\/v2\/media?parent=3423"}],"wp:term":[{"taxonomy":"category","embeddable":true,"href":"https:\/\/justice-initiative.eu\/es\/wp-json\/wp\/v2\/categories?post=3423"},{"taxonomy":"post_tag","embeddable":true,"href":"https:\/\/justice-initiative.eu\/es\/wp-json\/wp\/v2\/tags?post=3423"}],"curies":[{"name":"wp","href":"https:\/\/api.w.org\/{rel}","templated":true}]}}