{"id":3407,"date":"2021-09-03T06:12:41","date_gmt":"2021-09-03T04:12:41","guid":{"rendered":"https:\/\/justice-initiative.eu\/matthias-katsch\/"},"modified":"2022-01-26T11:39:26","modified_gmt":"2022-01-26T10:39:26","slug":"matthias-katsch","status":"publish","type":"post","link":"https:\/\/justice-initiative.eu\/es\/matthias-katsch\/","title":{"rendered":"Matthias Katsch"},"content":{"rendered":"<div class=\"fusion-fullwidth fullwidth-box fusion-builder-row-1 fusion-flex-container nonhundred-percent-fullwidth non-hundred-percent-height-scrolling\" style=\"--awb-border-radius-top-left:0px;--awb-border-radius-top-right:0px;--awb-border-radius-bottom-right:0px;--awb-border-radius-bottom-left:0px;--awb-flex-wrap:wrap;\" ><div class=\"fusion-builder-row fusion-row fusion-flex-align-items-flex-start fusion-flex-content-wrap\" style=\"max-width:1289.6px;margin-left: calc(-4% \/ 2 );margin-right: calc(-4% \/ 2 );\"><div class=\"fusion-layout-column fusion_builder_column fusion-builder-column-0 fusion_builder_column_1_1 1_1 fusion-flex-column\" style=\"--awb-bg-size:cover;--awb-width-large:100%;--awb-margin-top-large:0px;--awb-spacing-right-large:1.92%;--awb-margin-bottom-large:20px;--awb-spacing-left-large:1.92%;--awb-width-medium:100%;--awb-order-medium:0;--awb-spacing-right-medium:1.92%;--awb-spacing-left-medium:1.92%;--awb-width-small:100%;--awb-order-small:0;--awb-spacing-right-small:1.92%;--awb-spacing-left-small:1.92%;\"><div class=\"fusion-column-wrapper fusion-column-has-shadow fusion-flex-justify-content-flex-start fusion-content-layout-column\"><div class=\"fusion-title title fusion-title-1 fusion-sep-none fusion-title-text fusion-title-size-two\" style=\"--awb-margin-top-small:0px;--awb-margin-right-small:0px;--awb-margin-bottom-small:20px;--awb-margin-left-small:0px;\"><h2 class=\"fusion-title-heading title-heading-left\" style=\"margin:0;\">Matthias Katsch, v\u00edctima y activista, Alemania, 2018<\/h2><\/div><div class=\"fusion-separator\" style=\"align-self: flex-start;margin-right:auto;margin-top:0px;margin-bottom:40px;width:100%;max-width:200px;\"><div class=\"fusion-separator-border sep-single sep-solid\" style=\"--awb-height:20px;--awb-amount:20px;--awb-sep-color:#fec96b;border-color:#fec96b;border-top-width:3px;\"><\/div><\/div><div class=\"fusion-text fusion-text-1\"><p>Matthias Katsch es consultor profesional de gesti\u00f3n y comunicaci\u00f3n y fundador y portavoz de ECKIGER TISCH (mesa cuadrada) que representa a los hombres afectados por los abusos sexuales en los colegios (internados) de los jesuitas en Alemania. ECKIGER TISCH reclama una investigaci\u00f3n, ayuda para los supervivientes e indemnizaciones. En 1977, siendo un ni\u00f1o, Matthias fue v\u00edctima de abusos sexuales por parte de dos sacerdotes jesuitas. En 2010 expuso p\u00fablicamente lo que le ocurri\u00f3 a \u00e9l y a muchos otros en su antiguo colegio, el famoso Canisius Kolleg de Berl\u00edn, lo que desencaden\u00f3 que el gobierno creara la Mesa Redonda Alemana sobre abusos sexuales a menores. Desde 2012, Matthias es miembro de la junta consultiva del Representante Independiente para las cuestiones de abuso infantil (UBSKM), que lucha por establecer una investigaci\u00f3n independiente sobre el abuso infantil. Como miembro de la Junta de Supervivientes, que se instal\u00f3 en 2015 por nombramiento a trav\u00e9s de un panel del Bundestag alem\u00e1n (parlamento nacional), es un invitado permanente de la Investigaci\u00f3n Independiente Alemana sobre el Sexo Infantil.<\/p>\n<\/div><div class=\"fusion-text fusion-text-2\"><p>Copyright Simone Padovani<\/p>\n<\/div><\/div><\/div><\/div><\/div>\n","protected":false},"excerpt":{"rendered":"<p>Matthias Katsch es consultor profesional de gesti\u00f3n y comunicaci\u00f3n y fundador y portavoz de ECKIGER TISCH (mesa cuadrada).<\/p>\n","protected":false},"author":2,"featured_media":1694,"comment_status":"closed","ping_status":"closed","sticky":false,"template":"","format":"standard","meta":{"footnotes":""},"categories":[159],"tags":[],"class_list":["post-3407","post","type-post","status-publish","format-standard","has-post-thumbnail","hentry","category-testimonials-fr-es"],"yoast_head":"<!-- This site is optimized with the Yoast SEO plugin v28.3 - https:\/\/yoast.com\/product\/yoast-seo-wordpress\/ -->\n<title>Matthias Katsch - Justice Initiative<\/title>\n<meta name=\"robots\" content=\"index, follow, max-snippet:-1, max-image-preview:large, max-video-preview:-1\" \/>\n<link rel=\"canonical\" href=\"https:\/\/justice-initiative.eu\/es\/matthias-katsch\/\" \/>\n<meta property=\"og:locale\" content=\"es_ES\" \/>\n<meta property=\"og:type\" content=\"article\" \/>\n<meta property=\"og:title\" content=\"Matthias Katsch - Justice Initiative\" \/>\n<meta property=\"og:description\" content=\"Matthias Katsch es consultor profesional de gesti\u00f3n y comunicaci\u00f3n y fundador y portavoz de ECKIGER TISCH (mesa cuadrada).\" \/>\n<meta property=\"og:url\" content=\"https:\/\/justice-initiative.eu\/es\/matthias-katsch\/\" \/>\n<meta property=\"og:site_name\" content=\"Justice Initiative\" \/>\n<meta property=\"article:published_time\" content=\"2021-09-03T04:12:41+00:00\" \/>\n<meta property=\"article:modified_time\" content=\"2022-01-26T10:39:26+00:00\" \/>\n<meta property=\"og:image\" content=\"https:\/\/justice-initiative.eu\/wp-content\/uploads\/2016\/08\/Matthias-Katsch-2.jpg\" \/>\n\t<meta property=\"og:image:width\" content=\"1920\" \/>\n\t<meta property=\"og:image:height\" content=\"1280\" \/>\n\t<meta property=\"og:image:type\" content=\"image\/jpeg\" \/>\n<meta name=\"author\" content=\"justiceinitiative_admin\" \/>\n<meta name=\"twitter:card\" content=\"summary_large_image\" \/>\n<meta name=\"twitter:label1\" content=\"Escrito por\" \/>\n\t<meta name=\"twitter:data1\" content=\"justiceinitiative_admin\" \/>\n\t<meta name=\"twitter:label2\" content=\"Tiempo de lectura\" \/>\n\t<meta name=\"twitter:data2\" content=\"3 minutos\" \/>\n<script type=\"application\/ld+json\" class=\"yoast-schema-graph\">{\"@context\":\"https:\\\/\\\/schema.org\",\"@graph\":[{\"@type\":\"Article\",\"@id\":\"https:\\\/\\\/justice-initiative.eu\\\/es\\\/matthias-katsch\\\/#article\",\"isPartOf\":{\"@id\":\"https:\\\/\\\/justice-initiative.eu\\\/es\\\/matthias-katsch\\\/\"},\"author\":{\"name\":\"justiceinitiative_admin\",\"@id\":\"https:\\\/\\\/justice-initiative.eu\\\/es\\\/#\\\/schema\\\/person\\\/ef879d52907ee409a55529b159321173\"},\"headline\":\"Matthias Katsch\",\"datePublished\":\"2021-09-03T04:12:41+00:00\",\"dateModified\":\"2022-01-26T10:39:26+00:00\",\"mainEntityOfPage\":{\"@id\":\"https:\\\/\\\/justice-initiative.eu\\\/es\\\/matthias-katsch\\\/\"},\"wordCount\":1106,\"publisher\":{\"@id\":\"https:\\\/\\\/justice-initiative.eu\\\/es\\\/#organization\"},\"image\":{\"@id\":\"https:\\\/\\\/justice-initiative.eu\\\/es\\\/matthias-katsch\\\/#primaryimage\"},\"thumbnailUrl\":\"https:\\\/\\\/justice-initiative.eu\\\/wp-content\\\/uploads\\\/2016\\\/08\\\/Matthias-Katsch-2.jpg\",\"articleSection\":[\"Testimonials\"],\"inLanguage\":\"es\"},{\"@type\":\"WebPage\",\"@id\":\"https:\\\/\\\/justice-initiative.eu\\\/es\\\/matthias-katsch\\\/\",\"url\":\"https:\\\/\\\/justice-initiative.eu\\\/es\\\/matthias-katsch\\\/\",\"name\":\"Matthias Katsch - Justice Initiative\",\"isPartOf\":{\"@id\":\"https:\\\/\\\/justice-initiative.eu\\\/es\\\/#website\"},\"primaryImageOfPage\":{\"@id\":\"https:\\\/\\\/justice-initiative.eu\\\/es\\\/matthias-katsch\\\/#primaryimage\"},\"image\":{\"@id\":\"https:\\\/\\\/justice-initiative.eu\\\/es\\\/matthias-katsch\\\/#primaryimage\"},\"thumbnailUrl\":\"https:\\\/\\\/justice-initiative.eu\\\/wp-content\\\/uploads\\\/2016\\\/08\\\/Matthias-Katsch-2.jpg\",\"datePublished\":\"2021-09-03T04:12:41+00:00\",\"dateModified\":\"2022-01-26T10:39:26+00:00\",\"breadcrumb\":{\"@id\":\"https:\\\/\\\/justice-initiative.eu\\\/es\\\/matthias-katsch\\\/#breadcrumb\"},\"inLanguage\":\"es\",\"potentialAction\":[{\"@type\":\"ReadAction\",\"target\":[\"https:\\\/\\\/justice-initiative.eu\\\/es\\\/matthias-katsch\\\/\"]}]},{\"@type\":\"ImageObject\",\"inLanguage\":\"es\",\"@id\":\"https:\\\/\\\/justice-initiative.eu\\\/es\\\/matthias-katsch\\\/#primaryimage\",\"url\":\"https:\\\/\\\/justice-initiative.eu\\\/wp-content\\\/uploads\\\/2016\\\/08\\\/Matthias-Katsch-2.jpg\",\"contentUrl\":\"https:\\\/\\\/justice-initiative.eu\\\/wp-content\\\/uploads\\\/2016\\\/08\\\/Matthias-Katsch-2.jpg\",\"width\":1920,\"height\":1280,\"caption\":\"2018 Matthias Katsch is a Professional Management and Communication Consultant and Founder and spokesperson for ECKIGER TISCH (squared table) representing men affected by sexual abuse in (boarding) schools of the Jesuits in Germany. ECKIGER TISCH claims inquiry, help for the survivors and compensation. In 1977, as a young boy, Matthias was the victim of sexual abuse by two Jesuit priests. In 2010 he publicly exposed what happened to him and many others in his former school, the famous Canisius Kolleg in Berlin, which triggered the government to create the German Round Table about child sexual abuse. Since 2012, Matthias has been a member of the advisory board for the Independent Representative for the issues of child abuse (UBSKM), fighting to establish an independent inquiry into child abuse. As a Member of the Board of Survivors, which was installed in 2015 by appointment through a panel of the German Bundestag (national parliament), he is a permanent guest of the German Independent Inquiry into Child Sex Abuse. \u00a9 Simone Padovani\"},{\"@type\":\"BreadcrumbList\",\"@id\":\"https:\\\/\\\/justice-initiative.eu\\\/es\\\/matthias-katsch\\\/#breadcrumb\",\"itemListElement\":[{\"@type\":\"ListItem\",\"position\":1,\"name\":\"Home\",\"item\":\"https:\\\/\\\/justice-initiative.eu\\\/es\\\/\"},{\"@type\":\"ListItem\",\"position\":2,\"name\":\"Matthias Katsch\"}]},{\"@type\":\"WebSite\",\"@id\":\"https:\\\/\\\/justice-initiative.eu\\\/es\\\/#website\",\"url\":\"https:\\\/\\\/justice-initiative.eu\\\/es\\\/\",\"name\":\"Justice Initiative\",\"description\":\"\",\"publisher\":{\"@id\":\"https:\\\/\\\/justice-initiative.eu\\\/es\\\/#organization\"},\"potentialAction\":[{\"@type\":\"SearchAction\",\"target\":{\"@type\":\"EntryPoint\",\"urlTemplate\":\"https:\\\/\\\/justice-initiative.eu\\\/es\\\/?s={search_term_string}\"},\"query-input\":{\"@type\":\"PropertyValueSpecification\",\"valueRequired\":true,\"valueName\":\"search_term_string\"}}],\"inLanguage\":\"es\"},{\"@type\":\"Organization\",\"@id\":\"https:\\\/\\\/justice-initiative.eu\\\/es\\\/#organization\",\"name\":\"Justice Initiative\",\"url\":\"https:\\\/\\\/justice-initiative.eu\\\/es\\\/\",\"logo\":{\"@type\":\"ImageObject\",\"inLanguage\":\"es\",\"@id\":\"https:\\\/\\\/justice-initiative.eu\\\/es\\\/#\\\/schema\\\/logo\\\/image\\\/\",\"url\":\"https:\\\/\\\/justice-initiative.eu\\\/wp-content\\\/uploads\\\/2021\\\/09\\\/favicon.png\",\"contentUrl\":\"https:\\\/\\\/justice-initiative.eu\\\/wp-content\\\/uploads\\\/2021\\\/09\\\/favicon.png\",\"width\":100,\"height\":103,\"caption\":\"Justice Initiative\"},\"image\":{\"@id\":\"https:\\\/\\\/justice-initiative.eu\\\/es\\\/#\\\/schema\\\/logo\\\/image\\\/\"}},{\"@type\":\"Person\",\"@id\":\"https:\\\/\\\/justice-initiative.eu\\\/es\\\/#\\\/schema\\\/person\\\/ef879d52907ee409a55529b159321173\",\"name\":\"justiceinitiative_admin\",\"image\":{\"@type\":\"ImageObject\",\"inLanguage\":\"es\",\"@id\":\"https:\\\/\\\/secure.gravatar.com\\\/avatar\\\/848ee726112f16b40121c6f0c8016f7e159cf1d04c6e27579db4579d8b140261?s=96&d=mm&r=g\",\"url\":\"https:\\\/\\\/secure.gravatar.com\\\/avatar\\\/848ee726112f16b40121c6f0c8016f7e159cf1d04c6e27579db4579d8b140261?s=96&d=mm&r=g\",\"contentUrl\":\"https:\\\/\\\/secure.gravatar.com\\\/avatar\\\/848ee726112f16b40121c6f0c8016f7e159cf1d04c6e27579db4579d8b140261?s=96&d=mm&r=g\",\"caption\":\"justiceinitiative_admin\"}}]}<\/script>\n<!-- \/ Yoast SEO plugin. -->","yoast_head_json":{"title":"Matthias Katsch - Justice Initiative","robots":{"index":"index","follow":"follow","max-snippet":"max-snippet:-1","max-image-preview":"max-image-preview:large","max-video-preview":"max-video-preview:-1"},"canonical":"https:\/\/justice-initiative.eu\/es\/matthias-katsch\/","og_locale":"es_ES","og_type":"article","og_title":"Matthias Katsch - Justice Initiative","og_description":"Matthias Katsch es consultor profesional de gesti\u00f3n y comunicaci\u00f3n y fundador y portavoz de ECKIGER TISCH (mesa cuadrada).","og_url":"https:\/\/justice-initiative.eu\/es\/matthias-katsch\/","og_site_name":"Justice Initiative","article_published_time":"2021-09-03T04:12:41+00:00","article_modified_time":"2022-01-26T10:39:26+00:00","og_image":[{"width":1920,"height":1280,"url":"https:\/\/justice-initiative.eu\/wp-content\/uploads\/2016\/08\/Matthias-Katsch-2.jpg","type":"image\/jpeg"}],"author":"justiceinitiative_admin","twitter_card":"summary_large_image","twitter_misc":{"Escrito por":"justiceinitiative_admin","Tiempo de lectura":"3 minutos"},"schema":{"@context":"https:\/\/schema.org","@graph":[{"@type":"Article","@id":"https:\/\/justice-initiative.eu\/es\/matthias-katsch\/#article","isPartOf":{"@id":"https:\/\/justice-initiative.eu\/es\/matthias-katsch\/"},"author":{"name":"justiceinitiative_admin","@id":"https:\/\/justice-initiative.eu\/es\/#\/schema\/person\/ef879d52907ee409a55529b159321173"},"headline":"Matthias Katsch","datePublished":"2021-09-03T04:12:41+00:00","dateModified":"2022-01-26T10:39:26+00:00","mainEntityOfPage":{"@id":"https:\/\/justice-initiative.eu\/es\/matthias-katsch\/"},"wordCount":1106,"publisher":{"@id":"https:\/\/justice-initiative.eu\/es\/#organization"},"image":{"@id":"https:\/\/justice-initiative.eu\/es\/matthias-katsch\/#primaryimage"},"thumbnailUrl":"https:\/\/justice-initiative.eu\/wp-content\/uploads\/2016\/08\/Matthias-Katsch-2.jpg","articleSection":["Testimonials"],"inLanguage":"es"},{"@type":"WebPage","@id":"https:\/\/justice-initiative.eu\/es\/matthias-katsch\/","url":"https:\/\/justice-initiative.eu\/es\/matthias-katsch\/","name":"Matthias Katsch - Justice Initiative","isPartOf":{"@id":"https:\/\/justice-initiative.eu\/es\/#website"},"primaryImageOfPage":{"@id":"https:\/\/justice-initiative.eu\/es\/matthias-katsch\/#primaryimage"},"image":{"@id":"https:\/\/justice-initiative.eu\/es\/matthias-katsch\/#primaryimage"},"thumbnailUrl":"https:\/\/justice-initiative.eu\/wp-content\/uploads\/2016\/08\/Matthias-Katsch-2.jpg","datePublished":"2021-09-03T04:12:41+00:00","dateModified":"2022-01-26T10:39:26+00:00","breadcrumb":{"@id":"https:\/\/justice-initiative.eu\/es\/matthias-katsch\/#breadcrumb"},"inLanguage":"es","potentialAction":[{"@type":"ReadAction","target":["https:\/\/justice-initiative.eu\/es\/matthias-katsch\/"]}]},{"@type":"ImageObject","inLanguage":"es","@id":"https:\/\/justice-initiative.eu\/es\/matthias-katsch\/#primaryimage","url":"https:\/\/justice-initiative.eu\/wp-content\/uploads\/2016\/08\/Matthias-Katsch-2.jpg","contentUrl":"https:\/\/justice-initiative.eu\/wp-content\/uploads\/2016\/08\/Matthias-Katsch-2.jpg","width":1920,"height":1280,"caption":"2018 Matthias Katsch is a Professional Management and Communication Consultant and Founder and spokesperson for ECKIGER TISCH (squared table) representing men affected by sexual abuse in (boarding) schools of the Jesuits in Germany. ECKIGER TISCH claims inquiry, help for the survivors and compensation. In 1977, as a young boy, Matthias was the victim of sexual abuse by two Jesuit priests. In 2010 he publicly exposed what happened to him and many others in his former school, the famous Canisius Kolleg in Berlin, which triggered the government to create the German Round Table about child sexual abuse. Since 2012, Matthias has been a member of the advisory board for the Independent Representative for the issues of child abuse (UBSKM), fighting to establish an independent inquiry into child abuse. As a Member of the Board of Survivors, which was installed in 2015 by appointment through a panel of the German Bundestag (national parliament), he is a permanent guest of the German Independent Inquiry into Child Sex Abuse. \u00a9 Simone Padovani"},{"@type":"BreadcrumbList","@id":"https:\/\/justice-initiative.eu\/es\/matthias-katsch\/#breadcrumb","itemListElement":[{"@type":"ListItem","position":1,"name":"Home","item":"https:\/\/justice-initiative.eu\/es\/"},{"@type":"ListItem","position":2,"name":"Matthias Katsch"}]},{"@type":"WebSite","@id":"https:\/\/justice-initiative.eu\/es\/#website","url":"https:\/\/justice-initiative.eu\/es\/","name":"Justice Initiative","description":"","publisher":{"@id":"https:\/\/justice-initiative.eu\/es\/#organization"},"potentialAction":[{"@type":"SearchAction","target":{"@type":"EntryPoint","urlTemplate":"https:\/\/justice-initiative.eu\/es\/?s={search_term_string}"},"query-input":{"@type":"PropertyValueSpecification","valueRequired":true,"valueName":"search_term_string"}}],"inLanguage":"es"},{"@type":"Organization","@id":"https:\/\/justice-initiative.eu\/es\/#organization","name":"Justice Initiative","url":"https:\/\/justice-initiative.eu\/es\/","logo":{"@type":"ImageObject","inLanguage":"es","@id":"https:\/\/justice-initiative.eu\/es\/#\/schema\/logo\/image\/","url":"https:\/\/justice-initiative.eu\/wp-content\/uploads\/2021\/09\/favicon.png","contentUrl":"https:\/\/justice-initiative.eu\/wp-content\/uploads\/2021\/09\/favicon.png","width":100,"height":103,"caption":"Justice Initiative"},"image":{"@id":"https:\/\/justice-initiative.eu\/es\/#\/schema\/logo\/image\/"}},{"@type":"Person","@id":"https:\/\/justice-initiative.eu\/es\/#\/schema\/person\/ef879d52907ee409a55529b159321173","name":"justiceinitiative_admin","image":{"@type":"ImageObject","inLanguage":"es","@id":"https:\/\/secure.gravatar.com\/avatar\/848ee726112f16b40121c6f0c8016f7e159cf1d04c6e27579db4579d8b140261?s=96&d=mm&r=g","url":"https:\/\/secure.gravatar.com\/avatar\/848ee726112f16b40121c6f0c8016f7e159cf1d04c6e27579db4579d8b140261?s=96&d=mm&r=g","contentUrl":"https:\/\/secure.gravatar.com\/avatar\/848ee726112f16b40121c6f0c8016f7e159cf1d04c6e27579db4579d8b140261?s=96&d=mm&r=g","caption":"justiceinitiative_admin"}}]}},"_links":{"self":[{"href":"https:\/\/justice-initiative.eu\/es\/wp-json\/wp\/v2\/posts\/3407","targetHints":{"allow":["GET"]}}],"collection":[{"href":"https:\/\/justice-initiative.eu\/es\/wp-json\/wp\/v2\/posts"}],"about":[{"href":"https:\/\/justice-initiative.eu\/es\/wp-json\/wp\/v2\/types\/post"}],"author":[{"embeddable":true,"href":"https:\/\/justice-initiative.eu\/es\/wp-json\/wp\/v2\/users\/2"}],"replies":[{"embeddable":true,"href":"https:\/\/justice-initiative.eu\/es\/wp-json\/wp\/v2\/comments?post=3407"}],"version-history":[{"count":2,"href":"https:\/\/justice-initiative.eu\/es\/wp-json\/wp\/v2\/posts\/3407\/revisions"}],"predecessor-version":[{"id":3796,"href":"https:\/\/justice-initiative.eu\/es\/wp-json\/wp\/v2\/posts\/3407\/revisions\/3796"}],"wp:featuredmedia":[{"embeddable":true,"href":"https:\/\/justice-initiative.eu\/es\/wp-json\/wp\/v2\/media\/1694"}],"wp:attachment":[{"href":"https:\/\/justice-initiative.eu\/es\/wp-json\/wp\/v2\/media?parent=3407"}],"wp:term":[{"taxonomy":"category","embeddable":true,"href":"https:\/\/justice-initiative.eu\/es\/wp-json\/wp\/v2\/categories?post=3407"},{"taxonomy":"post_tag","embeddable":true,"href":"https:\/\/justice-initiative.eu\/es\/wp-json\/wp\/v2\/tags?post=3407"}],"curies":[{"name":"wp","href":"https:\/\/api.w.org\/{rel}","templated":true}]}}